{"id":303,"date":"2016-05-06T00:48:50","date_gmt":"2016-05-05T22:48:50","guid":{"rendered":"http:\/\/www.vagabund.at\/?p=303"},"modified":"2016-12-23T17:05:39","modified_gmt":"2016-12-23T16:05:39","slug":"mein-stadtrad","status":"publish","type":"post","link":"https:\/\/www.vagabund.at\/?p=303","title":{"rendered":"Mein Stadtrad"},"content":{"rendered":"<p>Gestern habe ich mein Rad zur\u00fcck vom Service bekommen. Da kam mir der Gedanke einen Eintrag meinem treuesten Gef\u00e4hrten zu widmen, meinem geliebten Stadtrad. <!--more--><\/p>\n<p>Es handelt sich um ein Puch City Classic Fahrrad mit\u00a0Suntour Federgabel, gefedertem Sattel, Shimano Revoshift Nexus 7-Gang mit R\u00fccktrittsbremse und Schwalbe M\u00e4ntel.<\/p>\n<p>Ich habe dieses Fahrrad im November 2014 zu meinem 30. Geburtstag von R. bekommen. Anfangs war ich diesem Fahrrad offen gestanden skeptisch gegen\u00fcber, da mein Rennrad um einiges leichter und wendiger wirkte, es war ein Damenrad, des weiteren f\u00fcrchtete ich vor geringerer Geschwindigkeit, da damals meine Priorit\u00e4ten anders gesetzt waren.<\/p>\n<p>Die Neugierde jedoch war gr\u00f6\u00dfer als die Vernunft, also radelte ich bei winterlichen Verh\u00e4ltnissen durch Wien und bekam auch kurze Zeit sp\u00e4ter die Rechnung im Form einer Lungenentz\u00fcndung. Kann vielleicht auch Zufall gewesen sein, jedoch ist es nicht klug im Winter zum regelm\u00e4\u00dfig Fahrrad fahren anzufangen, besser ist es meiner Erfahrung nach vom Fr\u00fchling an in den Winter sich &#8222;hinein zu arbeiten&#8220;.<\/p>\n<p>Jedoch verliebte ich mich in meinen Drahtesel binnen k\u00fcrzester Zeit. Die Federung, die Innennabenschaltung, die Sitzposition. Es entschleunigte meine Touren wesentlich und gestaltete sie weitaus angenehmer, da man mehr zum schauen gekommen ist. Ich verschob also den Saisonstart auf Fr\u00fchling.<\/p>\n<p>Leider hatte es dann weiters schwere R\u00fcckschl\u00e4ge gegeben. Die Innennabenschaltung lie\u00df nur vier der sieben G\u00e4nge zu, die h\u00f6heren G\u00e4nge waren Gl\u00fcckssache. Zum Gl\u00fcck kenne ich R. und das Familienunternehmen Radsport Voch in Tulln und nach einigen Problemen mit diversen Lieferanten und falsch zugeschickter Teile wurde auch dieses Problem durch Hartn\u00e4ckigkeit behoben. Weiters wurde das Vorderlicht gegen ein LED-Licht getauscht, welches mit einem Dynamo betrieben wird und auch eine klassische Klingel wurde montiert, damit mein Fahrrad immer einsatzbereit und der StVO entspricht.<\/p>\n<p>Ich habe nach einem Jahr mich dazu entschlossen nach tausenden Kilometer, die ich 2016 mit dem Gef\u00e4hrten bew\u00e4ltigt habe, mein Fahrrad wieder auf Vordermann zu bringen und es auch etwas robuster und wartungs\u00e4rmer zu gestalten.<\/p>\n<p>Es wurden die Griffe getauscht, der Kunststoff Kettenschutz wurde gegen einen aus Metall getauscht, damit dieser l\u00e4nger h\u00e4lt als der letzte. Die M\u00e4ntel waren nach dem letzten Jahr bereits so abgefahren, dass diese gegen Schwalbe Marathon Plus TOUR mit Unplattbar Technologie getauscht wurden. Ich wollte robuste M\u00e4ntel um auch fernab von asphaltierten Wegen fahren zu k\u00f6nnen und das Trekking-Profil sah einfach grandios aus und f\u00e4hrt sich auf Asphalt sowie auf unbefestigten Stra\u00dfen sehr angenehm. Die Bremsbelege waren ebenfalls komplett abgefahren und R. meinte, dass er die Kette so weit gedehnt war, dass die Spannung nicht mehr gegeben war und er ein Kettenglied entfernen musste &#8211; was f\u00fcr ein Kompliment.<\/p>\n<p>Nun gibt mir das Citybike die Sicherheit und das Gef\u00fchl, dass man unterschiedliche Stra\u00dfenverh\u00e4ltnisse und Witterungen mit ihm meistern kann. Ich finde es immer wieder am\u00fcsant, dass es dann Mitmenschen gibt, die mich darauf ansprechen, dass es sich ja bei diesem Rad um ein Damenrad handelt. Ich gestehe, anfangs hat es mich deshalb auch gest\u00f6rt, jedoch finde ich die Damenbauform weitaus angenehmer um w\u00e4hrend der Fahrt vom Fahrrad absteigen oder auf dem Rahmen just for fun stehen zu k\u00f6nnen.<\/p>\n<p>Ich freue mich schon auf das n\u00e4chste Jahr und bin gespannt, welche Touren ich mit meinem Drahtesel bew\u00e4ltigen werde.<\/p>\n<div id='gallery-2' class='gallery galleryid-303 gallery-columns-3 gallery-size-thumbnail'><figure class='gallery-item'>\n\t\t\t<div class='gallery-icon landscape'>\n\t\t\t\t<a href='https:\/\/www.vagabund.at\/?attachment_id=304'><img width=\"150\" height=\"150\" src=\"https:\/\/www.vagabund.at\/wp-content\/uploads\/2016\/05\/20160505_175005-150x150.jpg\" class=\"attachment-thumbnail size-thumbnail\" alt=\"\" loading=\"lazy\" \/><\/a>\n\t\t\t<\/div><\/figure><figure class='gallery-item'>\n\t\t\t<div class='gallery-icon landscape'>\n\t\t\t\t<a href='https:\/\/www.vagabund.at\/?attachment_id=305'><img width=\"150\" height=\"150\" src=\"https:\/\/www.vagabund.at\/wp-content\/uploads\/2016\/05\/20160505_175040-150x150.jpg\" class=\"attachment-thumbnail size-thumbnail\" alt=\"\" loading=\"lazy\" \/><\/a>\n\t\t\t<\/div><\/figure><figure class='gallery-item'>\n\t\t\t<div class='gallery-icon landscape'>\n\t\t\t\t<a href='https:\/\/www.vagabund.at\/?attachment_id=306'><img width=\"150\" height=\"150\" src=\"https:\/\/www.vagabund.at\/wp-content\/uploads\/2016\/05\/20160505_175131-150x150.jpg\" class=\"attachment-thumbnail size-thumbnail\" alt=\"\" loading=\"lazy\" \/><\/a>\n\t\t\t<\/div><\/figure><figure class='gallery-item'>\n\t\t\t<div class='gallery-icon landscape'>\n\t\t\t\t<a href='https:\/\/www.vagabund.at\/?attachment_id=307'><img width=\"150\" height=\"150\" src=\"https:\/\/www.vagabund.at\/wp-content\/uploads\/2016\/05\/20160505_175145-150x150.jpg\" class=\"attachment-thumbnail size-thumbnail\" alt=\"\" loading=\"lazy\" \/><\/a>\n\t\t\t<\/div><\/figure><figure class='gallery-item'>\n\t\t\t<div class='gallery-icon landscape'>\n\t\t\t\t<a href='https:\/\/www.vagabund.at\/?attachment_id=308'><img width=\"150\" height=\"150\" src=\"https:\/\/www.vagabund.at\/wp-content\/uploads\/2016\/05\/20160505_175156-150x150.jpg\" class=\"attachment-thumbnail size-thumbnail\" alt=\"\" loading=\"lazy\" \/><\/a>\n\t\t\t<\/div><\/figure><figure class='gallery-item'>\n\t\t\t<div class='gallery-icon landscape'>\n\t\t\t\t<a href='https:\/\/www.vagabund.at\/?attachment_id=309'><img width=\"150\" height=\"150\" src=\"https:\/\/www.vagabund.at\/wp-content\/uploads\/2016\/05\/20160505_175605-150x150.jpg\" class=\"attachment-thumbnail size-thumbnail\" alt=\"\" loading=\"lazy\" \/><\/a>\n\t\t\t<\/div><\/figure>\n\t\t<\/div>\n\n<p>&nbsp;<\/p>\n","protected":false},"excerpt":{"rendered":"<p>Gestern habe ich mein Rad zur\u00fcck vom Service bekommen. Da kam mir der Gedanke einen Eintrag meinem treuesten Gef\u00e4hrten zu widmen, meinem geliebten Stadtrad.<\/p>\n","protected":false},"author":1,"featured_media":309,"comment_status":"open","ping_status":"open","sticky":false,"template":"","format":"standard","meta":[],"categories":[4],"tags":[],"_links":{"self":[{"href":"https:\/\/www.vagabund.at\/index.php?rest_route=\/wp\/v2\/posts\/303"}],"collection":[{"href":"https:\/\/www.vagabund.at\/index.php?rest_route=\/wp\/v2\/posts"}],"about":[{"href":"https:\/\/www.vagabund.at\/index.php?rest_route=\/wp\/v2\/types\/post"}],"author":[{"embeddable":true,"href":"https:\/\/www.vagabund.at\/index.php?rest_route=\/wp\/v2\/users\/1"}],"replies":[{"embeddable":true,"href":"https:\/\/www.vagabund.at\/index.php?rest_route=%2Fwp%2Fv2%2Fcomments&post=303"}],"version-history":[{"count":5,"href":"https:\/\/www.vagabund.at\/index.php?rest_route=\/wp\/v2\/posts\/303\/revisions"}],"predecessor-version":[{"id":914,"href":"https:\/\/www.vagabund.at\/index.php?rest_route=\/wp\/v2\/posts\/303\/revisions\/914"}],"wp:featuredmedia":[{"embeddable":true,"href":"https:\/\/www.vagabund.at\/index.php?rest_route=\/wp\/v2\/media\/309"}],"wp:attachment":[{"href":"https:\/\/www.vagabund.at\/index.php?rest_route=%2Fwp%2Fv2%2Fmedia&parent=303"}],"wp:term":[{"taxonomy":"category","embeddable":true,"href":"https:\/\/www.vagabund.at\/index.php?rest_route=%2Fwp%2Fv2%2Fcategories&post=303"},{"taxonomy":"post_tag","embeddable":true,"href":"https:\/\/www.vagabund.at\/index.php?rest_route=%2Fwp%2Fv2%2Ftags&post=303"}],"curies":[{"name":"wp","href":"https:\/\/api.w.org\/{rel}","templated":true}]}}